{"id":14991,"date":"2025-10-13T14:46:09","date_gmt":"2025-10-13T19:46:09","guid":{"rendered":"https:\/\/www.lateliercoiffureesthetique.com\/fr\/?p=14991"},"modified":"2026-04-12T10:07:53","modified_gmt":"2026-04-12T15:07:53","slug":"prenez-soin-de-votre-peau-cet-automne-avec-nos-nouveaux-soins-du-visage-personnalises","status":"publish","type":"post","link":"https:\/\/www.lateliercoiffureesthetique.com\/fr\/prenez-soin-de-votre-peau-cet-automne-avec-nos-nouveaux-soins-du-visage-personnalises\/","title":{"rendered":"Prenez soin de votre peau cet automne avec nos nouveaux soins du visage personnalis\u00e9s"},"content":{"rendered":"<p>L\u2019automne est la saison parfaite pour ralentir, se recentrer et prendre soin de soi. Apr\u00e8s les effets du soleil, du vent et de la chaleur estivale, la peau a souvent besoin de douceur, d\u2019hydratation et de r\u00e9paration.<br data-start=\"522\" data-end=\"525\" \/>Chez <strong data-start=\"530\" data-end=\"566\">L\u2019Atelier Coiffure et Esth\u00e9tique<\/strong>, nous avons d\u00e9velopp\u00e9 une gamme compl\u00e8te de <strong data-start=\"611\" data-end=\"641\">soins du visage sur mesure<\/strong>, pens\u00e9s pour r\u00e9pondre aux besoins sp\u00e9cifiques de chaque peau \u2013 des plus jeunes aux plus matures, des plus sensibles aux plus exigeantes.<\/p>\n<p>Que vous recherchiez un <strong data-start=\"806\" data-end=\"828\">effet coup d\u2019\u00e9clat<\/strong>, une <strong data-start=\"834\" data-end=\"853\">action anti-\u00e2ge<\/strong>, un <strong data-start=\"858\" data-end=\"885\">nettoyage en profondeur<\/strong> ou simplement un <strong data-start=\"903\" data-end=\"932\">moment de d\u00e9tente absolue<\/strong>, nos expertes sont l\u00e0 pour vous guider vers le soin id\u00e9al.<\/p>\n<p>[vc_single_image image=\u00a0\u00bb14996&Prime; img_size=\u00a0\u00bbmedium\u00a0\u00bb][vc_column_text]<\/p>\n<h2 data-start=\"1055\" data-end=\"1358\">Des soins adapt\u00e9s \u00e0 tous les types de peau<\/h2>\n<p data-start=\"1055\" data-end=\"1358\">Chaque visage est unique, et c\u2019est pourquoi nos soins sont enti\u00e8rement personnalis\u00e9s.<br data-start=\"1140\" data-end=\"1143\" \/>Pour les hommes, le <strong data-start=\"1163\" data-end=\"1185\">Gentlemen\u2019s Facial<\/strong> (1h35 | 125 $) est un soin complet qui nettoie, apaise et hydrate en profondeur. Il redonne \u00e0 la peau \u00e9clat et \u00e9quilibre tout en apaisant les irritations li\u00e9es au rasage.<\/p>\n<p data-start=\"1360\" data-end=\"1614\">Les plus jeunes peuvent aussi profiter d\u2019un moment bien-\u00eatre avec le <strong data-start=\"1429\" data-end=\"1457\">Teenage Facial Treatment<\/strong> (1h15 | 95 $ \u2013 pour les moins de 17 ans). Ce soin doux aide \u00e0 pr\u00e9venir les imperfections et \u00e0 instaurer de bonnes habitudes de soin d\u00e8s le plus jeune \u00e2ge.<\/p>\n<p>[\/vc_column_text][vc_column_text]<\/p>\n<h2>Technologie et performance au service de votre beaut\u00e9<\/h2>\n<p data-start=\"1686\" data-end=\"2096\">Pour celles et ceux qui veulent aller plus loin, nos soins \u00e0 la fine pointe de la technologie offrent des r\u00e9sultats visibles d\u00e8s la premi\u00e8re s\u00e9ance.<br data-start=\"1834\" data-end=\"1837\" \/>L\u2019<strong data-start=\"1839\" data-end=\"1854\">Hydrafacial<\/strong> (1h30 | 190 $) nettoie, hydrate et illumine le teint en profondeur, tandis que le <strong data-start=\"1937\" data-end=\"1975\">Hydrafacial Chrono Peptide Booster<\/strong> (2h | 250 $) combine cette technologie \u00e0 des boosters enrichis en peptides pour une peau repulp\u00e9e, ferme et \u00e9clatante.<\/p>\n<p data-start=\"2098\" data-end=\"2324\">Le <strong data-start=\"2101\" data-end=\"2122\">Facial Oxyg\u00e8ne RX<\/strong> (1h45 | 165 $) est, quant \u00e0 lui, id\u00e9al pour les peaux acn\u00e9iques ou sujettes \u00e0 la rosac\u00e9e. Il stimule la respiration cellulaire et la production de collag\u00e8ne pour une peau plus saine et plus uniforme.<\/p>\n<p>[\/vc_column_text][vc_column_text]<\/p>\n<h2>Des soins sp\u00e9cialis\u00e9s pour un bien-\u00eatre total<\/h2>\n<p data-start=\"2389\" data-end=\"2614\">Parce que le visage n\u2019est pas la seule zone \u00e0 chouchouter, nous proposons \u00e9galement le <strong data-start=\"2476\" data-end=\"2491\">Soin du dos<\/strong> (1h30 | 135 $), parfait pour traiter les imperfections et lisser la peau gr\u00e2ce \u00e0 un peeling chimique et une lumi\u00e8re LED.<\/p>\n<p data-start=\"2616\" data-end=\"2795\">Envie de cibler le regard et le sourire? Le soin <strong data-start=\"2666\" data-end=\"2699\">Revitalisation Yeux et L\u00e8vres<\/strong> (1h30 | 140 $) lisse, repulpe et hydrate ces zones d\u00e9licates pour un effet jeunesse imm\u00e9diat.<\/p>\n<p data-start=\"2797\" data-end=\"3002\">Et pour un effet \u201cwow\u201d garanti, d\u00e9couvrez le <strong data-start=\"2842\" data-end=\"2862\">Luxe Lift Facial<\/strong> (1h50 | 200 $), un soin anti-\u00e2ge d\u2019exception qui stimule la r\u00e9g\u00e9n\u00e9ration cellulaire gr\u00e2ce aux peptides et aux cellules souches v\u00e9g\u00e9tales.<\/p>\n<p>[\/vc_column_text][vc_single_image image=\u00a0\u00bb14997&Prime; img_size=\u00a0\u00bbmedium\u00a0\u00bb][vc_column_text]<\/p>\n<h2>Un soin exclusif pour l\u2019automne<\/h2>\n<p>Jusqu\u2019\u00e0 la fin novembre, laissez-vous tenter par notre soin saisonnier : le <strong data-start=\"3129\" data-end=\"3158\">Facial Radiance Automnale<\/strong> (1h45 | 170 $).<br data-start=\"3174\" data-end=\"3177\" \/>Ce traitement unique d\u00e9toxifie, illumine et r\u00e9hydrate la peau gr\u00e2ce aux <strong data-start=\"3249\" data-end=\"3268\">s\u00e9rums Circadia<\/strong> et \u00e0 des <strong data-start=\"3278\" data-end=\"3313\">masques riches en acides amin\u00e9s<\/strong>. Parfait pour raviver l\u2019\u00e9clat du teint et pr\u00e9parer votre peau aux temp\u00e9ratures plus fra\u00eeches.[\/vc_column_text][vc_column_text]<\/p>\n<h3 data-start=\"3416\" data-end=\"3468\"><strong data-start=\"3426\" data-end=\"3468\">Des soins sur mesure selon vos besoins<\/strong><\/h3>\n<p data-start=\"3470\" data-end=\"3703\">Nos soins <strong data-start=\"3480\" data-end=\"3491\">Premium<\/strong>, <strong data-start=\"3493\" data-end=\"3504\">Supr\u00eame<\/strong> et <strong data-start=\"3508\" data-end=\"3518\">Deluxe<\/strong> sont enti\u00e8rement personnalis\u00e9s selon vos besoins : peeling, dermaplaning, nano-infusion, th\u00e9rapie LED, traitement enzymatique\u2026 chaque combinaison est pens\u00e9e pour sublimer votre peau.<\/p>\n<p data-start=\"3705\" data-end=\"3908\">Et pour aller encore plus loin, notre <strong data-start=\"3743\" data-end=\"3760\">Microneedling<\/strong> (1h30 | 250 $) stimule naturellement la production de collag\u00e8ne et d\u2019\u00e9lastine, am\u00e9liorant la texture, la fermet\u00e9 et l\u2019\u00e9clat global de votre peau.<\/p>\n<p data-start=\"3705\" data-end=\"3908\">\n<p data-start=\"3705\" data-end=\"3908\">\n<p>[\/vc_column_text][vc_column_text]Pas s\u00fbr(e) de savoir quel soin choisir?<br data-start=\"4009\" data-end=\"4012\" \/>Prenez rendez-vous pour une <strong data-start=\"4040\" data-end=\"4063\">Consultation Facial<\/strong> (30 min | 40 $). Nos expertes analyseront votre peau en profondeur et vous guideront vers le traitement le plus adapt\u00e9.<br data-start=\"4183\" data-end=\"4186\" \/>\ud83d\udca1 <em data-start=\"4189\" data-end=\"4300\">Les frais de consultation sont d\u00e9duits lors de la r\u00e9servation de votre soin ou offerts \u00e0 l\u2019achat de produits.<\/em><\/p>\n<p data-start=\"4364\" data-end=\"4547\">Octobre est le moment id\u00e9al pour redonner \u00e0 votre peau toute sa vitalit\u00e9. Offrez-vous un soin personnalis\u00e9 et repartez avec un teint \u00e9clatant, une peau hydrat\u00e9e et un esprit apais\u00e9.<\/p>\n<p data-start=\"4549\" data-end=\"4694\">\ud83d\udc49 <a href=\"https:\/\/www.lateliercoiffureesthetique.com\/fr\/nos-soins-du-visage\/\"><strong data-start=\"4552\" data-end=\"4596\">D\u00e9couvrez tous nos soins du visage ici<\/strong><\/a><\/p>\n<p data-start=\"4549\" data-end=\"4694\"><a href=\"https:\/\/www.lateliercoiffureesthetique.com\/fr\/reservation-en-ligne\/\"><strong data-start=\"4699\" data-end=\"4737\">Prenez rendez-vous d\u00e8s aujourd\u2019hui<\/strong><\/a> et laissez nos expertes sublimer votre peau cet automne!<\/p>\n","protected":false},"excerpt":{"rendered":"<p>L\u2019automne est la saison parfaite pour ralentir, se recentrer et prendre soin de soi. Apr\u00e8s les effets du soleil, du vent et de la chaleur estivale, la peau a souvent besoin de douceur, d\u2019hydratation et de r\u00e9paration.Chez L\u2019Atelier Coiffure et Esth\u00e9tique, nous avons d\u00e9velopp\u00e9 une&#8230;<\/p>\n","protected":false},"author":1,"featured_media":0,"comment_status":"open","ping_status":"open","sticky":false,"template":"","format":"standard","meta":[],"categories":[43],"tags":[],"_links":{"self":[{"href":"https:\/\/www.lateliercoiffureesthetique.com\/fr\/wp-json\/wp\/v2\/posts\/14991"}],"collection":[{"href":"https:\/\/www.lateliercoiffureesthetique.com\/fr\/wp-json\/wp\/v2\/posts"}],"about":[{"href":"https:\/\/www.lateliercoiffureesthetique.com\/fr\/wp-json\/wp\/v2\/types\/post"}],"author":[{"embeddable":true,"href":"https:\/\/www.lateliercoiffureesthetique.com\/fr\/wp-json\/wp\/v2\/users\/1"}],"replies":[{"embeddable":true,"href":"https:\/\/www.lateliercoiffureesthetique.com\/fr\/wp-json\/wp\/v2\/comments?post=14991"}],"version-history":[{"count":11,"href":"https:\/\/www.lateliercoiffureesthetique.com\/fr\/wp-json\/wp\/v2\/posts\/14991\/revisions"}],"predecessor-version":[{"id":15008,"href":"https:\/\/www.lateliercoiffureesthetique.com\/fr\/wp-json\/wp\/v2\/posts\/14991\/revisions\/15008"}],"wp:attachment":[{"href":"https:\/\/www.lateliercoiffureesthetique.com\/fr\/wp-json\/wp\/v2\/media?parent=14991"}],"wp:term":[{"taxonomy":"category","embeddable":true,"href":"https:\/\/www.lateliercoiffureesthetique.com\/fr\/wp-json\/wp\/v2\/categories?post=14991"},{"taxonomy":"post_tag","embeddable":true,"href":"https:\/\/www.lateliercoiffureesthetique.com\/fr\/wp-json\/wp\/v2\/tags?post=14991"}],"curies":[{"name":"wp","href":"https:\/\/api.w.org\/{rel}","templated":true}]}}